{"id":630,"date":"2024-08-11T07:22:00","date_gmt":"2024-08-11T07:22:00","guid":{"rendered":"https:\/\/lagiubba.org\/nuovo\/?p=630"},"modified":"2024-08-11T07:26:25","modified_gmt":"2024-08-11T07:26:25","slug":"canto-del-maggio-festival-2024-17-e-18-agosto-24","status":"publish","type":"post","link":"https:\/\/lagiubba.org\/nuovo\/?p=630","title":{"rendered":"Canto del maggio Festival 2024 &#8211; 17 e 18 agosto &#8217;24"},"content":{"rendered":"\n<p>L\u2019edizione 2024 del Canto del Maggio Festival al Pratogrande di Varliano (Sillano Giuncugnano), in programma il 17 e 18 agosto, si preannuncia come un evento imperdibile per gli amanti della tradizione e del folklore toscano.<\/p>\n\n\n\n<h3 class=\"wp-block-heading\"><strong>17 agosto, Sabato \u2013 Folklore Toscano<\/strong><\/h3>\n\n\n\n<p>A partire dalle ore 16.00, il festival dar\u00e0 spazio al folklore toscano in tutta la sua autenticit\u00e0. Lisetta Luchini, fiorentina, cantante, ricercatrice, attrice e cantastorie di grande talento, sar\u00e0 protagonista con un repertorio di musica popolare che abbraccia le canzoni narrative di tradizione orale, gli stornelli e le serenate. Accompagnata dalla mandolinista&nbsp;<strong>Marta Marini<\/strong>, Luchini offrir\u00e0 al pubblico un\u2019esperienza coinvolgente, immergendolo nel pi\u00f9 genuino stile popolare toscano.<\/p>\n\n\n\n<p>La serata proseguir\u00e0 con l\u2019energia della fisarmonica e delle gnacchere toscane di&nbsp;<strong>Marcaccio<\/strong>&nbsp;e&nbsp;<strong>Marco Betti<\/strong>, che condurr\u00e0 i tradizionali balli come la quadriglia. L\u2019evento culminer\u00e0 con un emozionante duello poetico in ottava rima tra&nbsp;<strong>Marco Betti<\/strong>&nbsp;ed&nbsp;<strong>Emilio Miliani,<\/strong>&nbsp;in cui i due poeti si sfideranno a colpi di versi, riportando in vita una delle tradizioni pi\u00f9 vive e sentite della cultura toscana.<\/p>\n\n\n\n<h3 class=\"wp-block-heading\"><strong>18 agosto, Domenica \u2013 Maggio Epico e Balli Popolari della Garfagnana<\/strong><\/h3>\n\n\n\n<p>La giornata di domenica, a partire dalle ore 15.00, sar\u00e0 dedicata al maggio epico e ai balli popolari della Garfagnana. Questo tradizionale maggio drammatico \u00e8 una forma di teatro popolare cantato all\u2019aperto, dove la semplicit\u00e0 della messa in scena, con poche concessioni a scenografie e costumi, esalta la forza narrativa della rappresentazione. Le storie sono spesso tratte da chanson de geste e poemi cavallereschi, mantenendo vivi i racconti epici che hanno caratterizzato la cultura orale delle comunit\u00e0 locali.<\/p>\n\n\n\n<p>In questa edizione,&nbsp;<strong>I cantori dell\u2019antica tradizione del maggio<\/strong>&nbsp;presenteranno&nbsp;<strong>\u201cSanta Genoveffa\u201d<\/strong>&nbsp;di Giuseppe Coltelli, a cura di Piergiorgio Lenzi (per un riassunto vedi:&nbsp;<a href=\"https:\/\/cantodelmaggio.org\/wp\/santa-genoveffa-maggio-18-agosto-24-la-trama\/\">Santa Genoveffa maggio 18 agosto \u201924 \u2013 La trama \u2013 Il maggio drammatico (cantodelmaggio.org)<\/a>. Questa opera narra le vicende della Contessa Genoveffa, una figura tragica e nobile, ingiustamente accusata di adulterio, ma che alla fine trova la giustizia e il lieto fine. La drammatizzazione sar\u00e0 un momento di forte impatto emotivo, con la potenza del canto che trascina gli spettatori in un viaggio attraverso il tempo e le emozioni.<\/p>\n\n\n\n<p>La chiusura dell\u2019evento, prevista per le 17.00, sar\u00e0 affidata a<strong>&nbsp;La Muffrina<\/strong>, il gruppo folklorico nato nel 1956 a Camporgiano con l\u2019intento di preservare e riproporre gli aspetti tipici del folklore della Garfagnana. Il loro spettacolo, intessuto di danze tradizionali come la moresca, sar\u00e0 un\u2019esplosione di energia e tradizione, offrendo al pubblico un finale degno di un festival che celebra le radici culturali della Toscana.<\/p>\n\n\n\n<p>Questa edizione del Canto del Maggio Festival non solo celebra la ricchezza delle tradizioni locali, ma le rinnova e le rende accessibili alle nuove generazioni, mantenendo viva la memoria storica e culturale della regione. Un appuntamento imperdibile per chiunque voglia riscoprire le storie, i suoni e i colori della Toscana pi\u00f9 autentica.<\/p>\n\n\n\n<p>Maggiori particolari in&nbsp;<a href=\"https:\/\/cantodelmaggio.org\/\">https:\/\/cantodelmaggio.org<\/a>&nbsp;e la pagina&nbsp;<a href=\"https:\/\/www.facebook.com\/immaginario.folklorico\">Facebook<\/a>&nbsp;del Museo<\/p>\n\n\n\n<p>Il \ud835\udc02\ud835\udc1a\ud835\udc27\ud835\udc2d\ud835\udc28 \ud835\udc1d\ud835\udc1e\ud835\udc25 \ud835\udc0c\ud835\udc1a\ud835\udc20\ud835\udc20\ud835\udc22\ud835\udc28 \ud835\udc05\ud835\udc1e\ud835\udc2c\ud835\udc2d\ud835\udc22\ud835\udc2f\ud835\udc1a\ud835\udc25 \u00e8 ideato da l\u2019Associazione La Giubba con il Museo Italiano dell\u2019Immaginario Folklorico in collaborazione con la Compagnia Il Giunco, con il contributo del Consiglio Regionale della Toscana,&nbsp;<a href=\"https:\/\/www.facebook.com\/parcoappenninotoscoemiliano?__cft__[0]=AZWy3cNo0_cSYtdTVb8mJgkAKznBq4Ex1tnywFg7zFPd5kXt_skDjuAp6vJAaT8Uqz24LwOiPHBis-chsp9R8Sbo-lD_MfBmrKyF8Z8AbvTcPSWYM3BUChJFP1bZiAekgiQNtG5gwsJk117dT7ZQpL-DUf0cJF43mMs0fYIDz8SPWghDpi3LSQJA27hZRvXn8yqvE68nLDG1awpVEZ6qclBZ&amp;__tn__=-]K-y-R\">Parco Nazionale dell\u2019Appennino Tosco Emiliano<\/a>, Comune di Castelnuovo di Garfagnana, Fondazione CRL e I.C. Piazza al Serchio.<\/p>\n","protected":false},"excerpt":{"rendered":"<p>L\u2019edizione 2024 del Canto del Maggio Festival al Pratogrande di Varliano (Sillano Giuncugnano), in programma il 17 e 18 agosto, si preannuncia come un evento imperdibile per gli amanti della tradizione e del folklore toscano. 17 agosto, Sabato \u2013 Folklore Toscano A partire dalle ore 16.00, il festival dar\u00e0 spazio al folklore toscano in tutta [&hellip;]<\/p>\n","protected":false},"author":1,"featured_media":633,"comment_status":"open","ping_status":"open","sticky":false,"template":"","format":"standard","meta":{"_uf_show_specific_survey":0,"_uf_disable_surveys":false,"elearning_container_layout":"tg-site-layout--default","elearning_sidebar_layout":"tg-site-layout--default","elearning_remove_content_margin":false,"elearning_sidebar":"default","elearning_transparent_header":"customizer","elearning_logo":0,"elearning_header_style":"default","elearning_menu_item_color":"","elearning_menu_item_hover_color":"","elearning_menu_item_active_color":"","elearning_menu_item_active_style":"","elearning_page_header":true,"_themeisle_gutenberg_block_has_review":false,"_jetpack_memberships_contains_paid_content":false,"footnotes":""},"categories":[3],"tags":[],"class_list":["post-630","post","type-post","status-publish","format-standard","has-post-thumbnail","hentry","category-progetti"],"aioseo_notices":[],"jetpack_featured_media_url":"https:\/\/lagiubba.org\/nuovo\/wp-content\/uploads\/2024\/08\/betti-marcaccio.1200.jpg","jetpack_sharing_enabled":true,"_links":{"self":[{"href":"https:\/\/lagiubba.org\/nuovo\/index.php?rest_route=\/wp\/v2\/posts\/630","targetHints":{"allow":["GET"]}}],"collection":[{"href":"https:\/\/lagiubba.org\/nuovo\/index.php?rest_route=\/wp\/v2\/posts"}],"about":[{"href":"https:\/\/lagiubba.org\/nuovo\/index.php?rest_route=\/wp\/v2\/types\/post"}],"author":[{"embeddable":true,"href":"https:\/\/lagiubba.org\/nuovo\/index.php?rest_route=\/wp\/v2\/users\/1"}],"replies":[{"embeddable":true,"href":"https:\/\/lagiubba.org\/nuovo\/index.php?rest_route=%2Fwp%2Fv2%2Fcomments&post=630"}],"version-history":[{"count":2,"href":"https:\/\/lagiubba.org\/nuovo\/index.php?rest_route=\/wp\/v2\/posts\/630\/revisions"}],"predecessor-version":[{"id":634,"href":"https:\/\/lagiubba.org\/nuovo\/index.php?rest_route=\/wp\/v2\/posts\/630\/revisions\/634"}],"wp:featuredmedia":[{"embeddable":true,"href":"https:\/\/lagiubba.org\/nuovo\/index.php?rest_route=\/wp\/v2\/media\/633"}],"wp:attachment":[{"href":"https:\/\/lagiubba.org\/nuovo\/index.php?rest_route=%2Fwp%2Fv2%2Fmedia&parent=630"}],"wp:term":[{"taxonomy":"category","embeddable":true,"href":"https:\/\/lagiubba.org\/nuovo\/index.php?rest_route=%2Fwp%2Fv2%2Fcategories&post=630"},{"taxonomy":"post_tag","embeddable":true,"href":"https:\/\/lagiubba.org\/nuovo\/index.php?rest_route=%2Fwp%2Fv2%2Ftags&post=630"}],"curies":[{"name":"wp","href":"https:\/\/api.w.org\/{rel}","templated":true}]}}