{"id":582,"date":"2024-06-05T10:10:30","date_gmt":"2024-06-05T10:10:30","guid":{"rendered":"https:\/\/lagiubba.org\/nuovo\/?p=582"},"modified":"2024-06-09T10:09:02","modified_gmt":"2024-06-09T10:09:02","slug":"nuova-attivita-di-formazione-2024-dire-cantare-e-danzare-nel-solco-della-tradizione","status":"publish","type":"post","link":"https:\/\/lagiubba.org\/nuovo\/?p=582","title":{"rendered":"Dire cantare e danzare nel solco della tradizione"},"content":{"rendered":"\n<p><strong><em>Percorso di conoscenza e apprendimento<\/em><\/strong> <strong><em>delle tradizioni popolari della valle<\/em><\/strong><\/p>\n\n\n\n<p><strong>Un nuovo progetto di formazione rivolto a coloro che sono interessati al teatro e al canto popolare<\/strong> \u00e8 quanto propone nel mese di luglio l\u2019Associazione La Giubba APS attraverso la propria sezione Etno-Storiografica e in collaborazione con il Museo Italiano dell\u2019Immaginario Folklorico: <strong>Dire cantare e danzare nel solco della tradizione, <\/strong>vuole essere un percorso di conoscenza e apprendimento delle tradizioni popolari della valle della Garfagnana attraverso laboratori pratici e di riflessione sul significato che queste possono ancora avere nella nostra societ\u00e0.<\/p>\n\n\n\n<p>Avvalendosi di docenti esperti di musica, teatro e danze popolari, in grado di trasmettere la loro &nbsp;profonda conoscenza e competenza nel campo delle tradizioni, e arricchito dalla collaborazione con l&#8217;Universit\u00e0 di Cassino sulla fiaba, <strong><em>Dire cantare e danzare nel solco della tradizione<\/em><\/strong> ambisce a coinvolgere la comunit\u00e0 e a creare un ambiente di apprendimento e condivisione che abbia come obiettivo nel tempo quello di sostenere e valorizzare la cultura popolare.<\/p>\n\n\n\n<p>Dire cantare e danzare nel solco della tradizione<\/p>\n\n\n\n<p><strong>Rivolto agli appassionati come ai professionisti del settore<\/strong>, il progetto prevede due fine settimana dedicati alla creazione di testi e alla narrazione, alla danza, al canto e al teatro cantato con attivit\u00e0 esperienziali coordinate da formatori esperti. Nello specifico:<\/p>\n\n\n\n<ul class=\"wp-block-list\">\n<li><strong>venerd\u00ec 5 luglio ore 10-13 e 15-18:<\/strong> <strong><em>Il dire e il cantare,<\/em><\/strong> con <strong>Marco Betti<\/strong>, indagher\u00e0 le dinamiche del teatro popolare come forma di autodeterminazione delle comunit\u00e0 e come metodo pedagogico di inculturazione e acculturazione; collaborer\u00e0 <strong>Annarosa Bacci<\/strong> , con la musica popolare in tutte le sue forme: stornelli, ninne nanne, canti narrativi, alla scoperta delle radici comuni che appartengono a ogni tradizione;<\/li>\n\n\n\n<li><strong>sabato 6 luglio ore 10-13 e 15-18:<\/strong> <strong><em>Il raccontare e il recitare col canto<\/em><\/strong>, con <strong>Marco Betti,<\/strong> <strong>Michele Neri, Fabio Baroni<\/strong> e <strong>I Cantori del Maggio epico<\/strong>, affronteranno il tema della narrazione come indagine sulle modalit\u00e0 di trasmissione di un racconto e delle sue varianti, siano esse scritte o appartengano alla tradizione orale; a partire dalle storie dei Paladini di Francia, che i maggianti del nostro Appennino hanno ripreso, il percorso didattico alterner\u00e0 tecnica e sperimentazione alla ricerca delle \u201cvoci\u201d che abitano ogni narrazione;<\/li>\n\n\n\n<li><strong>sabato 13 luglio ore 15-19:<\/strong> <strong><em>Il danzare<\/em><\/strong>, con <strong>Michele Giuseppe Gala<\/strong>, per imparare i balli tradizionali locali con particolare riferimento alla Moresca, danza che accompagna il canto del Maggio;<\/li>\n\n\n\n<li><strong>domenica 14 luglio ore 15-19: Risignificare<\/strong> con l&#8217;antropologa <strong>Paola Bertoncini<\/strong> sulla tradizione e sul senso del cantare il Maggio oggi tra salvaguardia e valorizzazione, con la collaborazione di <strong>Natascia Zambonini, La Muffrina e I Cantori del Maggio epico<\/strong> per la restituzione finale del lavoro svolto dai partecipanti durante i laboratori.<\/li>\n<\/ul>\n\n\n\n<p><strong>I laboratori sono gratuiti e si svolgeranno presso il Museo Italiano dell\u2019Immaginario Folklorico a San Michele &#8211; Piazza al Serchio.<\/strong><\/p>\n\n\n\n<p><strong>Per l\u2019iscrizione:<\/strong> <a target=\"_blank\" rel=\"noreferrer noopener\" href=\"https:\/\/bit.ly\/incontromuseo\">https:\/\/bit.ly\/incontromuseo<\/a>.<\/p>\n\n\n\n<p><strong>Info su:<\/strong> <a target=\"_blank\" rel=\"noreferrer noopener\" href=\"https:\/\/www.facebook.com\/cantodelmaggio.festival\">https:\/\/www.facebook.com\/cantodelmaggio.festival<\/a> e <a target=\"_blank\" rel=\"noreferrer noopener\" href=\"https:\/\/www.facebook.com\/immaginario.folklorico\">https:\/\/www.facebook.com\/immaginario.folklorico<\/a><\/p>\n\n\n\n<p><strong>Sito di riferimento:<\/strong> <a target=\"_blank\" rel=\"noreferrer noopener\" href=\"https:\/\/lagiubba.org\">https:\/\/lagiubba.org<\/a><\/p>\n\n\n\n<p>\/<\/p>\n\n\n\n<figure class=\"wp-block-video\"><video controls src=\"https:\/\/museoimmaginario.link:9006\/Multimedia3\/Dire cantare e danzare.mp4\"><\/video><\/figure>\n","protected":false},"excerpt":{"rendered":"<p>Percorso di conoscenza e apprendimento delle tradizioni popolari della valle Un nuovo progetto di formazione rivolto a coloro che sono interessati al teatro e al canto popolare \u00e8 quanto propone nel mese di luglio l\u2019Associazione La Giubba APS attraverso la propria sezione Etno-Storiografica e in collaborazione con il Museo Italiano dell\u2019Immaginario Folklorico: Dire cantare e [&hellip;]<\/p>\n","protected":false},"author":1,"featured_media":584,"comment_status":"open","ping_status":"open","sticky":false,"template":"","format":"standard","meta":{"_uf_show_specific_survey":0,"_uf_disable_surveys":false,"elearning_container_layout":"tg-site-layout--default","elearning_sidebar_layout":"tg-site-layout--default","elearning_remove_content_margin":false,"elearning_sidebar":"default","elearning_transparent_header":"customizer","elearning_logo":0,"elearning_header_style":"default","elearning_menu_item_color":"","elearning_menu_item_hover_color":"","elearning_menu_item_active_color":"","elearning_menu_item_active_style":"","elearning_page_header":true,"_themeisle_gutenberg_block_has_review":false,"_jetpack_memberships_contains_paid_content":false,"footnotes":""},"categories":[5],"tags":[],"class_list":["post-582","post","type-post","status-publish","format-standard","has-post-thumbnail","hentry","category-formazione"],"aioseo_notices":[],"jetpack_featured_media_url":"https:\/\/lagiubba.org\/nuovo\/wp-content\/uploads\/2024\/06\/fotor-ai-20240605121935-scaled-e1717583104582.jpg","jetpack_sharing_enabled":true,"_links":{"self":[{"href":"https:\/\/lagiubba.org\/nuovo\/index.php?rest_route=\/wp\/v2\/posts\/582","targetHints":{"allow":["GET"]}}],"collection":[{"href":"https:\/\/lagiubba.org\/nuovo\/index.php?rest_route=\/wp\/v2\/posts"}],"about":[{"href":"https:\/\/lagiubba.org\/nuovo\/index.php?rest_route=\/wp\/v2\/types\/post"}],"author":[{"embeddable":true,"href":"https:\/\/lagiubba.org\/nuovo\/index.php?rest_route=\/wp\/v2\/users\/1"}],"replies":[{"embeddable":true,"href":"https:\/\/lagiubba.org\/nuovo\/index.php?rest_route=%2Fwp%2Fv2%2Fcomments&post=582"}],"version-history":[{"count":5,"href":"https:\/\/lagiubba.org\/nuovo\/index.php?rest_route=\/wp\/v2\/posts\/582\/revisions"}],"predecessor-version":[{"id":591,"href":"https:\/\/lagiubba.org\/nuovo\/index.php?rest_route=\/wp\/v2\/posts\/582\/revisions\/591"}],"wp:featuredmedia":[{"embeddable":true,"href":"https:\/\/lagiubba.org\/nuovo\/index.php?rest_route=\/wp\/v2\/media\/584"}],"wp:attachment":[{"href":"https:\/\/lagiubba.org\/nuovo\/index.php?rest_route=%2Fwp%2Fv2%2Fmedia&parent=582"}],"wp:term":[{"taxonomy":"category","embeddable":true,"href":"https:\/\/lagiubba.org\/nuovo\/index.php?rest_route=%2Fwp%2Fv2%2Fcategories&post=582"},{"taxonomy":"post_tag","embeddable":true,"href":"https:\/\/lagiubba.org\/nuovo\/index.php?rest_route=%2Fwp%2Fv2%2Ftags&post=582"}],"curies":[{"name":"wp","href":"https:\/\/api.w.org\/{rel}","templated":true}]}}